{"id":3407,"date":"2025-04-09T09:34:10","date_gmt":"2025-04-09T07:34:10","guid":{"rendered":"https:\/\/n3.no\/renholdssoner\/?p=3407"},"modified":"2025-04-10T13:42:35","modified_gmt":"2025-04-10T11:42:35","slug":"kvalitet-og-baerekraft-styrkes-med-mikael-back-i-ny-nokkelrolle","status":"publish","type":"post","link":"https:\/\/n3.no\/renholdssoner\/kvalitet-og-baerekraft-styrkes-med-mikael-back-i-ny-nokkelrolle\/","title":{"rendered":"Kvalitet og b\u00e6rekraft styrkes med Mikael B\u00e4ck i ny n\u00f8kkelrolle"},"content":{"rendered":"\n<p><strong>Fortell mer om din nye rolle som kvalitets- og b\u00e6rekraftssjef<\/strong><br>Jeg har nylig g\u00e5tt inn i rollen som&nbsp;kvalitets- og b\u00e6rekraftssjef i N3, og det er med b\u00e5de stolthet og engasjement jeg tar meg an denne oppgaven. Rollen handler om langt mer enn internkontroller og dokumentasjon \u2013 det handler om \u00e5 sikre at vi som selskap lever opp til v\u00e5re verdier og ambisjoner om \u00e5 skape&nbsp;renere, sunnere og mer b\u00e6rekraftige bygg.<br>I N3 er kvalitet og b\u00e6rekraft ikke bare m\u00e5l vi strekker oss etter \u2013 det er en forutsetning for \u00e5 v\u00e6re en p\u00e5litelig samarbeidspartner for kundene v\u00e5re, og en ansvarlig akt\u00f8r i samfunnet.<\/p>\n\n\n\n<p><strong>Hva skal du fokusere p\u00e5 fremover?<\/strong><\/p>\n\n\n\n<ul class=\"wp-block-list\">\n<li><strong>Sikre kvalitet i hele verdikjeden<\/strong><br>Jeg skal bidra til at vi holder h\u00f8y kvalitet \u2013 fra produktutvikling og installasjon til drift og vedlikehold. Det inneb\u00e6rer strukturert arbeid med dokumentasjon, m\u00e5ling, avviksh\u00e5ndtering og kontinuerlig forbedring.<\/li>\n<\/ul>\n\n\n\n<ul class=\"wp-block-list\">\n<li><strong>B\u00e6rekraft i praksis<\/strong><\/li>\n<\/ul>\n\n\n\n<p>Jeg vil arbeide for at vi jobber mer ressurseffektivt og milj\u00f8vennlig \u2013 b\u00e5de internt og ute hos kundene v\u00e5re. M\u00e5let er \u00e5 hjelpe kundene med \u00e5 n\u00e5 sine egne b\u00e6rekraftsm\u00e5l, samtidig som vi styrker v\u00e5r egen posisjon som en ansvarlig leverand\u00f8r.<\/p>\n\n\n\n<ul class=\"wp-block-list\">\n<li><strong>Tett samarbeid med leverand\u00f8rer<\/strong><\/li>\n<\/ul>\n\n\n\n<p>Gjennom tett dialog, tydelige forventninger og aktiv deltakelse i produkttester kan vi p\u00e5virke leverand\u00f8rene v\u00e5re til \u00e5 prioritere mer milj\u00f8vennlige materialvalg. Dette er et viktig steg i v\u00e5r strategi for innovasjon og redusert milj\u00f8p\u00e5virkning i hele verdikjeden.<\/p>\n\n\n\n<ul class=\"wp-block-list\">\n<li><strong>Standarder og dokumentasjon<\/strong><\/li>\n<\/ul>\n\n\n\n<p>Jeg vil s\u00f8rge for at vi alltid ligger i forkant n\u00e5r det gjelder sertifiseringer og krav innen omr\u00e5der som ISO, Milj\u00f8fyrt\u00e5rn og Etisk handel.<\/p>\n\n\n\n<ul class=\"wp-block-list\">\n<li><strong>Internt samarbeid og kompetanseheving<\/strong><\/li>\n<\/ul>\n\n\n\n<p>For \u00e5 n\u00e5 disse m\u00e5lene m\u00e5 vi gj\u00f8re det sammen. Jeg vil bidra med st\u00f8tte og oppl\u00e6ring, slik at alle i organisasjonen har kunnskap og verkt\u00f8y til \u00e5 levere p\u00e5 v\u00e5re kvalitets- og b\u00e6rekraftsl\u00f8fter.<\/p>\n\n\n\n<p><strong>Hva betyr dette for deg?<\/strong><\/p>\n\n\n\n<p>Enten du er kunde, partner eller kollega, handler dette om \u00e5 gj\u00f8re valget av N3 enda tryggere, tydeligere og mer verdifullt.<br>Vi skal dokumentere det vi leverer \u2013 og gj\u00f8re det p\u00e5 en m\u00e5te som er b\u00e6rekraftig for mennesker, bygg og milj\u00f8.<\/p>\n\n\n\n<p>Jeg gleder meg til \u00e5 bidra \u2013 og til \u00e5 skape enda bedre l\u00f8sninger sammen.<\/p>\n","protected":false},"excerpt":{"rendered":"<p>Fortell mer om din nye rolle som kvalitets- og b\u00e6rekraftssjefJeg har nylig g\u00e5tt inn i rollen som&nbsp;kvalitets- og b\u00e6rekraftssjef i N3, og [&hellip;]<\/p>\n","protected":false},"author":15,"featured_media":3409,"comment_status":"open","ping_status":"open","sticky":false,"template":"","format":"standard","meta":{"_crosspost_to_1":false,"_crosspost_to_15":false,"footnotes":""},"categories":[33],"tags":[],"class_list":["post-3407","post","type-post","status-publish","format-standard","hentry","category-nyheter"],"acf":[],"_links":{"self":[{"href":"https:\/\/n3.no\/renholdssoner\/wp-json\/wp\/v2\/posts\/3407","targetHints":{"allow":["GET"]}}],"collection":[{"href":"https:\/\/n3.no\/renholdssoner\/wp-json\/wp\/v2\/posts"}],"about":[{"href":"https:\/\/n3.no\/renholdssoner\/wp-json\/wp\/v2\/types\/post"}],"author":[{"embeddable":true,"href":"https:\/\/n3.no\/renholdssoner\/wp-json\/wp\/v2\/users\/15"}],"replies":[{"embeddable":true,"href":"https:\/\/n3.no\/renholdssoner\/wp-json\/wp\/v2\/comments?post=3407"}],"version-history":[{"count":0,"href":"https:\/\/n3.no\/renholdssoner\/wp-json\/wp\/v2\/posts\/3407\/revisions"}],"wp:featuredmedia":[{"embeddable":true,"href":"https:\/\/n3.no\/renholdssoner\/wp-json\/wp\/v2\/media\/3409"}],"wp:attachment":[{"href":"https:\/\/n3.no\/renholdssoner\/wp-json\/wp\/v2\/media?parent=3407"}],"wp:term":[{"taxonomy":"category","embeddable":true,"href":"https:\/\/n3.no\/renholdssoner\/wp-json\/wp\/v2\/categories?post=3407"},{"taxonomy":"post_tag","embeddable":true,"href":"https:\/\/n3.no\/renholdssoner\/wp-json\/wp\/v2\/tags?post=3407"}],"curies":[{"name":"wp","href":"https:\/\/api.w.org\/{rel}","templated":true}]}}