{"id":3426,"date":"2025-11-04T11:35:42","date_gmt":"2025-11-04T10:35:42","guid":{"rendered":"https:\/\/n3.no\/renholdssoner\/nrk-slar-alarm-om-renholdskutt-slik-unngikk-baerum-problemet\/"},"modified":"2025-11-05T08:21:35","modified_gmt":"2025-11-05T07:21:35","slug":"nrk-slar-alarm-om-renholdskutt-slik-unngikk-baerum-problemet","status":"publish","type":"post","link":"https:\/\/n3.no\/renholdssoner\/nrk-slar-alarm-om-renholdskutt-slik-unngikk-baerum-problemet\/","title":{"rendered":"NRK sl\u00e5r alarm om renholdskutt \u2013 slik unngikk B\u00e6rum problemet"},"content":{"rendered":"\n<p><br><strong><a href=\"https:\/\/www.nrk.no\/ostfold\/kommuner-over-hele-norge-kutter-millioner-i-renhold-pa-skoler-1.17619849\">NRK<\/a> melder at kommuner over hele landet kutter millioner i renhold \u2013 spesielt i skoler og barnehager. Det er t\u00f8ffe tider. Men det finnes l\u00f8sninger som gj\u00f8r at man kan spare \u2013 uten \u00e5 g\u00e5 p\u00e5 akkord med inneklima eller kvalitet. Dag Hognerud, kommersiell leder i N3, deler erfaringene fra samarbeidet med B\u00e6rum kommune \u2013 og hvorfor det n\u00e5 er viktigere enn noen gang.<\/strong><\/p>\n\n\n\n<p>\u2013 Det er s\u00e6rlig skolene som n\u00e5 blir rammet av de kommunale budsjettkuttene, forteller Dag Hognerud, kommersiell leder i N3. \u2013 Vi har sett flere eksempler bare de siste ukene p\u00e5 at renholdet i undervisningsbygg reduseres til kun et par ganger i uken. Det er dramatisk, men dessverre n\u00f8dvendig for mange kommuner som st\u00e5r i en presset \u00f8konomisk situasjon.<\/p>\n\n\n\n<p>Men samtidig ser vi at det finnes alternativer. Da B\u00e6rum kommune for litt siden \u00f8nsket \u00e5 redusere renholdsfrekvensen, gikk de ikke bare l\u00f8s p\u00e5\u00a0frekvensene\u00a0\u2013 de begynte med \u00e5 m\u00e5le hva som faktisk var n\u00f8dvendig. Med hjelp fra N3 tok de i bruk st\u00f8vsensorer og gikk over til et mer\u00a0behovsstyrt og sonedelt renhold, som betyr at man rengj\u00f8r mer m\u00e5lrettet \u2013 basert p\u00e5 reelt behov, ikke antagelser.<\/p>\n\n\n\n<p>\u2013 I B\u00e6rum gikk man fra fem til tre renholdsdager i uka. Mange ville nok forventet d\u00e5rligere inneklima. Men realiteten var motsatt: m\u00e5lingene v\u00e5re viste lavere niv\u00e5er av svevest\u00f8v i flere klasserom, sier Dag. \u2013 Det viser hvor mye man kan oppn\u00e5 med riktige verkt\u00f8y og en ny m\u00e5te \u00e5 organisere p\u00e5.<\/p>\n\n\n\n<p>Han er tydelig p\u00e5 at dette ikke er noe unikt for B\u00e6rum.<\/p>\n\n\n\n<p>\u2013 Det vi gjorde der, kan vi gj\u00f8re i andre kommuner ogs\u00e5. Vi ser at mange n\u00e5 m\u00e5 kutte, men de har ikke systemene og dokumentasjonen som gj\u00f8r det trygt, og\u00a0kan dokumentere lovkrav til tilfredsstillende innemilj\u00f8.\u00a0Det er nettopp der vi kan hjelpe \u2013 vi gir kommunene innsikt, prioritering,\u00a0beslutningsgrunnlag\u00a0og verkt\u00f8y til \u00e5 sikre kvalitet samtidig som de sparer.<\/p>\n\n\n\n<p>Dag mener det viktigste n\u00e5 er \u00e5 akseptere realitetene og ha mot til \u00e5 tenke nytt.<\/p>\n\n\n\n<p>\u2013 Det er ingen som \u00f8nsker \u00e5 kutte i renholdet p\u00e5 skolene, men mange m\u00e5. Da gjelder det \u00e5 gj\u00f8re det p\u00e5 en m\u00e5te som b\u00e5de tar vare p\u00e5 innemilj\u00f8et og p\u00e5 folkene som jobber i byggene. Det finnes smartere l\u00f8sninger \u2013 og vi vet at de fungerer, sier han.<\/p>\n\n\n\n<div class=\"wp-block-buttons is-layout-flex wp-block-buttons-is-layout-flex\">\n<div class=\"wp-block-button\"><a class=\"wp-block-button__link wp-element-button\" href=\"https:\/\/app.emarketeer.com\/resources\/8236\/\/Nettsak_Brum_Kom_Renholdsnytt_25082025.pdf\">Les hvordan vi hjalp B\u00e6rum kommune<\/a><\/div>\n<\/div>\n","protected":false},"excerpt":{"rendered":"<p>NRK melder at kommuner over hele landet kutter millioner i renhold \u2013 spesielt i skoler og barnehager. Det er t\u00f8ffe tider. Men [&hellip;]<\/p>\n","protected":false},"author":15,"featured_media":3432,"comment_status":"open","ping_status":"open","sticky":false,"template":"","format":"standard","meta":{"_crosspost_to_1":true,"_crosspost_to_15":false,"footnotes":""},"categories":[33],"tags":[],"class_list":["post-3426","post","type-post","status-publish","format-standard","hentry","category-nyheter"],"acf":[],"_links":{"self":[{"href":"https:\/\/n3.no\/renholdssoner\/wp-json\/wp\/v2\/posts\/3426","targetHints":{"allow":["GET"]}}],"collection":[{"href":"https:\/\/n3.no\/renholdssoner\/wp-json\/wp\/v2\/posts"}],"about":[{"href":"https:\/\/n3.no\/renholdssoner\/wp-json\/wp\/v2\/types\/post"}],"author":[{"embeddable":true,"href":"https:\/\/n3.no\/renholdssoner\/wp-json\/wp\/v2\/users\/15"}],"replies":[{"embeddable":true,"href":"https:\/\/n3.no\/renholdssoner\/wp-json\/wp\/v2\/comments?post=3426"}],"version-history":[{"count":0,"href":"https:\/\/n3.no\/renholdssoner\/wp-json\/wp\/v2\/posts\/3426\/revisions"}],"wp:featuredmedia":[{"embeddable":true,"href":"https:\/\/n3.no\/renholdssoner\/wp-json\/wp\/v2\/media\/3432"}],"wp:attachment":[{"href":"https:\/\/n3.no\/renholdssoner\/wp-json\/wp\/v2\/media?parent=3426"}],"wp:term":[{"taxonomy":"category","embeddable":true,"href":"https:\/\/n3.no\/renholdssoner\/wp-json\/wp\/v2\/categories?post=3426"},{"taxonomy":"post_tag","embeddable":true,"href":"https:\/\/n3.no\/renholdssoner\/wp-json\/wp\/v2\/tags?post=3426"}],"curies":[{"name":"wp","href":"https:\/\/api.w.org\/{rel}","templated":true}]}}